{"id":8543,"date":"2022-06-27T11:57:36","date_gmt":"2022-06-27T09:57:36","guid":{"rendered":"https:\/\/www.forpol.es\/casetes-prefabricades-formigo\/"},"modified":"2024-05-22T16:29:03","modified_gmt":"2024-05-22T14:29:03","slug":"casetes-prefabricades-formigo-noticia","status":"publish","type":"post","link":"https:\/\/www.forpol.es\/ca\/casetes-prefabricades-formigo-noticia\/","title":{"rendered":"CASETES PREFABRICADES FORMIG\u00d3"},"content":{"rendered":"\n<h2 class=\"wp-block-heading\" id=\"h-casetas-prefabricadas-de-hormigon-tipos-y-utilidades\"><strong>Casetes prefabricades de formig\u00f3: tipus i utilitats<\/strong><\/h2>\n\n<p>Com el seu propi nom indica, les <strong>casetes prefabricades de formig\u00f3<\/strong> poden instal\u00b7lar-se en qualsevol lloc sense necessitat de fer fonamentacions o un altre tipus d&#8217;obres. \u00c9s, per tant, molt m\u00e9s f\u00e0cil disposar-ne que si hem de construir una casa.<\/p>\n\n<figure class=\"wp-block-image aligncenter size-large is-resized\"><img fetchpriority=\"high\" decoding=\"async\" src=\"https:\/\/www.forpol.es\/wp-content\/uploads\/2021\/11\/ok-Foto-17-7-20-13-43-20-1024x769.jpg\" alt=\"Casetes de Formig&#xF3; 07\" class=\"wp-image-2447\" width=\"801\" height=\"600\" srcset=\"https:\/\/www.forpol.es\/wp-content\/uploads\/2021\/11\/ok-Foto-17-7-20-13-43-20-500x375.jpg 500w, https:\/\/www.forpol.es\/wp-content\/uploads\/2021\/11\/ok-Foto-17-7-20-13-43-20.jpg 1600w\" sizes=\"(max-width: 801px) 100vw, 801px\" \/><\/figure>\n<h2 class=\"wp-block-heading\"><strong>Tipus de casetes de formig\u00f3<\/strong><\/h2>\n\n<p>Les casetes de formig\u00f3 prefabricades poden ser de diferents classes i, sobretot, mides. Per\u00f2, b\u00e0sicament, en tens tres tipus:<\/p>\n\n<ul class=\"wp-block-list\">\n<li>Casetes de formig\u00f3 <a href=\"https:\/\/www.forpol.es\/ca\/prefabricados-hormigon\/casetes-de-formigo\/\"><strong>est\u00e0ndard<\/strong>.<\/a> Es venen segellades tant per l&#8217; interior com per l&#8217; exterior.<\/li>\n\n\n\n<li>Casetes de formig\u00f3 <a href=\"https:\/\/www.forpol.es\/ca\/prefabricados-hormigon\/casetes-de-formigo\/\"><strong>amb sostre de fusta<\/strong>.<\/a><\/li>\n\n\n\n<li>Casetes prefabricades <a href=\"https:\/\/www.forpol.es\/ca\/prefabricados-hormigon\/casetes-de-formigo\/\" target=\"_blank\" rel=\"noreferrer noopener\"><strong>amb coberta de formig\u00f3<\/strong>.<\/a><\/li>\n<\/ul>\n\n<p><\/p>\n\n<h2 class=\"wp-block-heading\"><strong>Utilitat d&#8217; una caseta de formig\u00f3<\/strong><\/h2>\n\n<p>Aquest tipus de casetes t\u00e9 tantes utilitats com vulguem donar-li. Podem col\u00b7locar-la al jard\u00ed i usar-la com <strong>a magatzem d&#8217;eines agr\u00edcoles<\/strong> o per protegir el sistema de reg. Per\u00f2 tamb\u00e9 podem utilitzar-la per al gos o, si tenim una finca gran, usar-la com <strong>a caseta de vigil\u00e0ncia<\/strong>. Aix\u00ed mateix, pots utilitzar-la com <strong>a garatge<\/strong> per al teu vehicle. Fins i tot com a casa perqu\u00e8 s&#8217;al\u00b7leguin convidats.<\/p>\n\n<p>Per\u00f2 les casetes de formig\u00f3 prefabricades tamb\u00e9 tenen usos professionals. Per exemple, en les de major grand\u00e0ria, poden instal\u00b7lar-se unes <strong>oficines d&#8217;obra o vendes<\/strong>. Igualment, poden convertir-se en <strong>vestidors<\/strong> d&#8217; un camp de futbol o d&#8217; un estadi d&#8217; atletisme.<\/p>\n\n<p>Fins i tot, si disposes d&#8217;un terreny en propietat i no vols gastar molts diners en obres, pots rec\u00f3rrer a una d&#8217;aquestes cases prefabricades per crear el teu <strong>segon habitatge<\/strong>. N&#8217; hi ha de dimensions considerables i, per tant, aptes per passar-hi un temps. A m\u00e9s, la seva est\u00e8tica no desmereix en res una construcci\u00f3 tradicional.<\/p>\n\n<p>En conclusi\u00f3, aquestes s\u00f3n les principals utilitats de les <strong>casetes de formig\u00f3 prefabricades<\/strong> i alguns dels seus tipus m\u00e9s usats. En qualsevol cas, sempre s\u00f3n una <strong>soluci\u00f3 econ\u00f2mica i acollidora<\/strong> com a alternativa a una edificaci\u00f3 cl\u00e0ssica.<\/p>\n\n<h3 class=\"wp-block-heading\">CASETES DE FORMIG\u00d3 FORPOL<\/h3>\n","protected":false},"excerpt":{"rendered":"<p>Casetes prefabricades de formig\u00f3: tipus i utilitats Com el seu propi nom indica, les casetes prefabricades de formig\u00f3 poden instal\u00b7lar-se en qualsevol lloc sense necessitat de fer fonamentacions o un altre tipus d&#8217;obres. \u00c9s, per tant, molt m\u00e9s f\u00e0cil disposar-ne que si hem de construir una casa. Tipus de casetes de formig\u00f3 Les casetes de&#8230;<\/p>\n","protected":false},"author":1,"featured_media":7913,"comment_status":"closed","ping_status":"closed","sticky":false,"template":"","format":"standard","meta":{"_acf_changed":false,"forpol_feed_html":"","forpol_feed_caseta_html":"","forpol_feed_bloc_html":"","forpol_feed_naves_html":"","forpol_feed_precomur_html":"","forpol_feed_alveolar_html":"","forpol_feed_nichos_prefabricados_html":"","footnotes":""},"categories":[56],"tags":[],"class_list":["post-8543","post","type-post","status-publish","format-standard","has-post-thumbnail","hentry","category-uncategorized-ca"],"acf":[],"yoast_head":"<!-- This site is optimized with the Yoast SEO Premium plugin v20.12 (Yoast SEO v27.5) - https:\/\/yoast.com\/product\/yoast-seo-premium-wordpress\/ -->\n<title>Casetes prefabricades de formig\u00f3 FORPOL \u27a1\ufe0f Preus casetes 2026<\/title>\n<meta name=\"description\" content=\"Casetes prefabricades de formig\u00f3 FORPOL \u2705 els millors preus de tot Espanya, preus 2026 no et pots perdre la nostra \u00e0mplia gamma de casetes constru\u00efdes\" \/>\n<meta name=\"robots\" content=\"index, follow, max-snippet:-1, max-image-preview:large, max-video-preview:-1\" \/>\n<link rel=\"canonical\" href=\"https:\/\/www.forpol.es\/ca\/casetes-prefabricades-formigo-noticia\/\" \/>\n<meta property=\"og:locale\" content=\"ca_ES\" \/>\n<meta property=\"og:type\" content=\"article\" \/>\n<meta property=\"og:title\" content=\"Casetes prefabricades de formig\u00f3: tipus i utilitats\" \/>\n<meta property=\"og:description\" content=\"Podem col\u00b7locar-la al jard\u00ed i usar-la com a magatzem d&#039;eines agr\u00edcoles o per protegir el sistema de reg. Per\u00f2 tamb\u00e9 podem utilitzar-la per al gos o, si tenim una finca gran, usar-la com a caseta de vigil\u00e0ncia. Aix\u00ed mateix, pots utilitzar-la com a garatge per al teu vehicle. Fins i tot com a casa perqu\u00e8 s&#039;al\u00b7leguin convidats.\" \/>\n<meta property=\"og:url\" content=\"https:\/\/www.forpol.es\/ca\/casetes-prefabricades-formigo-noticia\/\" \/>\n<meta property=\"og:site_name\" content=\"Forpol\" \/>\n<meta property=\"article:publisher\" content=\"https:\/\/www.facebook.com\/forpolestructuras\/\" \/>\n<meta property=\"article:author\" content=\"https:\/\/www.facebook.com\/forpolestructuras\" \/>\n<meta property=\"article:published_time\" content=\"2022-06-27T09:57:36+00:00\" \/>\n<meta property=\"article:modified_time\" content=\"2024-05-22T14:29:03+00:00\" \/>\n<meta property=\"og:image\" content=\"https:\/\/www.forpol.es\/wp-content\/uploads\/2021\/11\/ok-Foto-17-7-20-13-43-20-1024x769.jpg\" \/>\n<meta name=\"author\" content=\"Forpol\" \/>\n<meta name=\"twitter:card\" content=\"summary_large_image\" \/>\n<meta name=\"twitter:title\" content=\"Casetes prefabricades de formig\u00f3: tipus i utilitats\" \/>\n<meta name=\"twitter:description\" content=\"Podem col\u00b7locar-la al jard\u00ed i usar-la com a magatzem d&#039;eines agr\u00edcoles o per protegir el sistema de reg. Per\u00f2 tamb\u00e9 podem utilitzar-la per al gos o, si tenim una finca gran, usar-la com a caseta de vigil\u00e0ncia. Aix\u00ed mateix, pots utilitzar-la com a garatge per al teu vehicle. Fins i tot com a casa perqu\u00e8 s&#039;al\u00b7leguin convidats.\" \/>\n<meta name=\"twitter:creator\" content=\"@forpol2\" \/>\n<meta name=\"twitter:site\" content=\"@forpol2\" \/>\n<meta name=\"twitter:label1\" content=\"Escrit per\" \/>\n\t<meta name=\"twitter:data1\" content=\"Forpol\" \/>\n\t<meta name=\"twitter:label2\" content=\"Temps estimat de lectura\" \/>\n\t<meta name=\"twitter:data2\" content=\"2 minuts\" \/>\n<!-- \/ Yoast SEO Premium plugin. -->","yoast_head_json":{"title":"Casetes prefabricades de formig\u00f3 FORPOL \u27a1\ufe0f Preus casetes 2026","description":"Casetes prefabricades de formig\u00f3 FORPOL \u2705 els millors preus de tot Espanya, preus 2026 no et pots perdre la nostra \u00e0mplia gamma de casetes constru\u00efdes","robots":{"index":"index","follow":"follow","max-snippet":"max-snippet:-1","max-image-preview":"max-image-preview:large","max-video-preview":"max-video-preview:-1"},"canonical":"https:\/\/www.forpol.es\/ca\/casetes-prefabricades-formigo-noticia\/","og_locale":"ca_ES","og_type":"article","og_title":"Casetes prefabricades de formig\u00f3: tipus i utilitats","og_description":"Podem col\u00b7locar-la al jard\u00ed i usar-la com a magatzem d'eines agr\u00edcoles o per protegir el sistema de reg. Per\u00f2 tamb\u00e9 podem utilitzar-la per al gos o, si tenim una finca gran, usar-la com a caseta de vigil\u00e0ncia. Aix\u00ed mateix, pots utilitzar-la com a garatge per al teu vehicle. Fins i tot com a casa perqu\u00e8 s'al\u00b7leguin convidats.","og_url":"https:\/\/www.forpol.es\/ca\/casetes-prefabricades-formigo-noticia\/","og_site_name":"Forpol","article_publisher":"https:\/\/www.facebook.com\/forpolestructuras\/","article_author":"https:\/\/www.facebook.com\/forpolestructuras","article_published_time":"2022-06-27T09:57:36+00:00","article_modified_time":"2024-05-22T14:29:03+00:00","og_image":[{"url":"https:\/\/www.forpol.es\/wp-content\/uploads\/2021\/11\/ok-Foto-17-7-20-13-43-20-1024x769.jpg","type":"","width":"","height":""}],"author":"Forpol","twitter_card":"summary_large_image","twitter_title":"Casetes prefabricades de formig\u00f3: tipus i utilitats","twitter_description":"Podem col\u00b7locar-la al jard\u00ed i usar-la com a magatzem d'eines agr\u00edcoles o per protegir el sistema de reg. Per\u00f2 tamb\u00e9 podem utilitzar-la per al gos o, si tenim una finca gran, usar-la com a caseta de vigil\u00e0ncia. Aix\u00ed mateix, pots utilitzar-la com a garatge per al teu vehicle. Fins i tot com a casa perqu\u00e8 s'al\u00b7leguin convidats.","twitter_creator":"@forpol2","twitter_site":"@forpol2","twitter_misc":{"Escrit per":"Forpol","Temps estimat de lectura":"2 minuts"},"schema":{"@context":"https:\/\/schema.org","@graph":[{"@type":"Article","@id":"https:\/\/www.forpol.es\/ca\/casetes-prefabricades-formigo-noticia\/#article","isPartOf":{"@id":"https:\/\/www.forpol.es\/ca\/casetes-prefabricades-formigo-noticia\/"},"author":{"name":"Forpol","@id":"https:\/\/www.forpol.es\/ca\/#\/schema\/person\/3233a729c29a9b5177b5599540d73bf8"},"headline":"CASETES PREFABRICADES FORMIG\u00d3","datePublished":"2022-06-27T09:57:36+00:00","dateModified":"2024-05-22T14:29:03+00:00","mainEntityOfPage":{"@id":"https:\/\/www.forpol.es\/ca\/casetes-prefabricades-formigo-noticia\/"},"wordCount":337,"publisher":{"@id":"https:\/\/www.forpol.es\/ca\/#organization"},"image":{"@id":"https:\/\/www.forpol.es\/ca\/casetes-prefabricades-formigo-noticia\/#primaryimage"},"thumbnailUrl":"https:\/\/www.forpol.es\/wp-content\/uploads\/2021\/11\/ok-caseta-prefabricada-de-hormigon-1-7.jpg","articleSection":["Uncategorized @ca"],"inLanguage":"ca"},{"@type":"WebPage","@id":"https:\/\/www.forpol.es\/ca\/casetes-prefabricades-formigo-noticia\/","url":"https:\/\/www.forpol.es\/ca\/casetes-prefabricades-formigo-noticia\/","name":"Casetes prefabricades de formig\u00f3 FORPOL \u27a1\ufe0f Preus casetes 2026","isPartOf":{"@id":"https:\/\/www.forpol.es\/ca\/#website"},"primaryImageOfPage":{"@id":"https:\/\/www.forpol.es\/ca\/casetes-prefabricades-formigo-noticia\/#primaryimage"},"image":{"@id":"https:\/\/www.forpol.es\/ca\/casetes-prefabricades-formigo-noticia\/#primaryimage"},"thumbnailUrl":"https:\/\/www.forpol.es\/wp-content\/uploads\/2021\/11\/ok-caseta-prefabricada-de-hormigon-1-7.jpg","datePublished":"2022-06-27T09:57:36+00:00","dateModified":"2024-05-22T14:29:03+00:00","description":"Casetes prefabricades de formig\u00f3 FORPOL \u2705 els millors preus de tot Espanya, preus 2026 no et pots perdre la nostra \u00e0mplia gamma de casetes constru\u00efdes","breadcrumb":{"@id":"https:\/\/www.forpol.es\/ca\/casetes-prefabricades-formigo-noticia\/#breadcrumb"},"inLanguage":"ca","potentialAction":[{"@type":"ReadAction","target":["https:\/\/www.forpol.es\/ca\/casetes-prefabricades-formigo-noticia\/"]}]},{"@type":"ImageObject","inLanguage":"ca","@id":"https:\/\/www.forpol.es\/ca\/casetes-prefabricades-formigo-noticia\/#primaryimage","url":"https:\/\/www.forpol.es\/wp-content\/uploads\/2021\/11\/ok-caseta-prefabricada-de-hormigon-1-7.jpg","contentUrl":"https:\/\/www.forpol.es\/wp-content\/uploads\/2021\/11\/ok-caseta-prefabricada-de-hormigon-1-7.jpg","width":1600,"height":1200,"caption":"Casetes de Formig\u00f3 12"},{"@type":"BreadcrumbList","@id":"https:\/\/www.forpol.es\/ca\/casetes-prefabricades-formigo-noticia\/#breadcrumb","itemListElement":[{"@type":"ListItem","position":1,"name":"Inici","item":"https:\/\/www.forpol.es\/ca\/inici\/"},{"@type":"ListItem","position":2,"name":"CASETES PREFABRICADES FORMIG\u00d3"}]},{"@type":"WebSite","@id":"https:\/\/www.forpol.es\/ca\/#website","url":"https:\/\/www.forpol.es\/ca\/","name":"Forpol","description":"Prefabricats de formig\u00f3 i estructures prefabricades","publisher":{"@id":"https:\/\/www.forpol.es\/ca\/#organization"},"potentialAction":[{"@type":"SearchAction","target":{"@type":"EntryPoint","urlTemplate":"https:\/\/www.forpol.es\/ca\/?s={search_term_string}"},"query-input":{"@type":"PropertyValueSpecification","valueRequired":true,"valueName":"search_term_string"}}],"inLanguage":"ca"},{"@type":"Organization","@id":"https:\/\/www.forpol.es\/ca\/#organization","name":"Forpol Estructuras, S.L.","alternateName":"Forpol","url":"https:\/\/www.forpol.es\/ca\/","logo":{"@type":"ImageObject","inLanguage":"ca","@id":"https:\/\/www.forpol.es\/ca\/#\/schema\/logo\/image\/","url":"https:\/\/www.forpol.es\/wp-content\/uploads\/2021\/09\/LOGO-PNG-200x75-2-e1632825250267.png","contentUrl":"https:\/\/www.forpol.es\/wp-content\/uploads\/2021\/09\/LOGO-PNG-200x75-2-e1632825250267.png","width":90,"height":34,"caption":"Forpol Estructuras, S.L."},"image":{"@id":"https:\/\/www.forpol.es\/ca\/#\/schema\/logo\/image\/"},"sameAs":["https:\/\/www.facebook.com\/forpolestructuras\/","https:\/\/x.com\/forpol2","https:\/\/www.instagram.com\/forpol_estructuras\/"]},{"@type":"Person","@id":"https:\/\/www.forpol.es\/ca\/#\/schema\/person\/3233a729c29a9b5177b5599540d73bf8","name":"Forpol","image":{"@type":"ImageObject","inLanguage":"ca","@id":"https:\/\/www.forpol.es\/wp-content\/litespeed\/avatar\/459b96c16d61d6344a2afdf39afac535.jpg?ver=1777225720","url":"https:\/\/www.forpol.es\/wp-content\/litespeed\/avatar\/459b96c16d61d6344a2afdf39afac535.jpg?ver=1777225720","contentUrl":"https:\/\/www.forpol.es\/wp-content\/litespeed\/avatar\/459b96c16d61d6344a2afdf39afac535.jpg?ver=1777225720","caption":"Forpol"},"sameAs":["https:\/\/www.forpol.es","https:\/\/www.facebook.com\/forpolestructuras","https:\/\/www.instagram.com\/forpol_estructuras\/"]}]}},"_links":{"self":[{"href":"https:\/\/www.forpol.es\/ca\/wp-json\/wp\/v2\/posts\/8543","targetHints":{"allow":["GET"]}}],"collection":[{"href":"https:\/\/www.forpol.es\/ca\/wp-json\/wp\/v2\/posts"}],"about":[{"href":"https:\/\/www.forpol.es\/ca\/wp-json\/wp\/v2\/types\/post"}],"author":[{"embeddable":true,"href":"https:\/\/www.forpol.es\/ca\/wp-json\/wp\/v2\/users\/1"}],"replies":[{"embeddable":true,"href":"https:\/\/www.forpol.es\/ca\/wp-json\/wp\/v2\/comments?post=8543"}],"version-history":[{"count":0,"href":"https:\/\/www.forpol.es\/ca\/wp-json\/wp\/v2\/posts\/8543\/revisions"}],"wp:featuredmedia":[{"embeddable":true,"href":"https:\/\/www.forpol.es\/ca\/wp-json\/wp\/v2\/media\/7913"}],"wp:attachment":[{"href":"https:\/\/www.forpol.es\/ca\/wp-json\/wp\/v2\/media?parent=8543"}],"wp:term":[{"taxonomy":"category","embeddable":true,"href":"https:\/\/www.forpol.es\/ca\/wp-json\/wp\/v2\/categories?post=8543"},{"taxonomy":"post_tag","embeddable":true,"href":"https:\/\/www.forpol.es\/ca\/wp-json\/wp\/v2\/tags?post=8543"}],"curies":[{"name":"wp","href":"https:\/\/api.w.org\/{rel}","templated":true}]}}