{"id":15236,"date":"2023-01-20T07:20:24","date_gmt":"2023-01-20T05:20:24","guid":{"rendered":"https:\/\/forpol.gs-crea.com\/?p=15236"},"modified":"2024-05-22T16:02:10","modified_gmt":"2024-05-22T14:02:10","slug":"el-futur-de-les-cases-prefabricades-de-formigo","status":"publish","type":"post","link":"https:\/\/www.forpol.es\/ca\/el-futur-de-les-cases-prefabricades-de-formigo\/","title":{"rendered":"El futur de les cases prefabricades de formig\u00f3"},"content":{"rendered":"\n<p>Es preveu que el mercat de les cases prefabricades de formig\u00f3 continu\u00ef creixent en el futur a causa de diversos factors.<\/p>\n\n\n\n<p>En primer lloc, les cases prefabricades de formig\u00f3 s\u00f3n m\u00e9s r\u00e0pides i f\u00e0cils de construir que les cases tradicionals de ma\u00f3 i morter, cosa que redueix els temps de construcci\u00f3 i els costos.<\/p>\n\n\n\n<p>En segon lloc, les cases prefabricades de formig\u00f3 s\u00f3n m\u00e9s resistents i duradores que altres cases prefabricades, cosa que les fa ideals per a climes extrems o \u00e0rees de risc alt de desastres naturals. Tamb\u00e9, s\u00f3n molt a\u00efllants t\u00e8rmicament i ac\u00fasticament. A m\u00e9s, el formig\u00f3 \u00e9s un material sostenible i reciclable.<\/p>\n\n\n\n<p>A m\u00e9s, es preveu que el desenvolupament de la tecnologia de la construcci\u00f3 continu\u00ef millorant l&#8217;efici\u00e8ncia i la qualitat de les cases prefabricades de formig\u00f3, cosa que far\u00e0 que siguin una opci\u00f3 cada vegada m\u00e9s atractiva per als compradors d&#8217;habitatges.<\/p>\n\n\n\n<h2 class=\"wp-block-heading\">Per qu\u00e8 comprar una casa de formig\u00f3?<\/h2>\n\n\n\n<h3 class=\"wp-block-heading\">Hi ha diverses raons per les quals alg\u00fa podria considerar comprar una casa de formig\u00f3:<\/h3>\n\n\n\n<p>Durabilitat: El formig\u00f3 \u00e9s un material resistent i durador, cosa que significa que una casa de formig\u00f3 pot durar molts anys sense requerir reparacions significatives.<\/p>\n\n\n\n<p>A\u00efllant: El formig\u00f3 \u00e9s un excel\u00b7lent a\u00efllant tant t\u00e8rmic com ac\u00fastic, cosa que significa que una casa de formig\u00f3 pot mantenir una temperatura c\u00f2moda i reduir el soroll de l&#8217;exterior.<\/p>\n\n\n\n<p>Resistent als desastres naturals: El formig\u00f3 \u00e9s resistent a incendis, terratr\u00e8mols, huracans i altres desastres naturals, cosa que significa que una casa de formig\u00f3 pot proporcionar un refugi segur en cas d&#8217;emerg\u00e8ncia.<\/p>\n\n\n\n<p>Baix manteniment: Una casa de formig\u00f3 requereix poc manteniment, cosa que significa que els propietaris poden estalviar temps i diners en reparacions i millores a llarg termini.<\/p>\n\n\n\n<p>Sostenible: El formig\u00f3 \u00e9s un material reciclable i sostenible, cosa que significa que una casa de formig\u00f3 pot ajudar a reduir l&#8217;impacte ambiental.<\/p>\n\n\n\n<p>Personalitzaci\u00f3: Les cases prefabricades de formig\u00f3 es poden personalitzar d&#8217;acord amb les necessitats i gustos dels compradors, permetent una gran llibertat creativa.<\/p>\n\n\n\n<p>En resum, una casa de formig\u00f3 \u00e9s una opci\u00f3 atractiva per a aquells que busquen una vivenda duradora, eficient energ\u00e8ticament i sostenible.<\/p>\n\n\n\n<p><\/p>\n","protected":false},"excerpt":{"rendered":"<p>El futur de les cases prefabricades de formig\u00f3 Es preveu que el mercat de les cases prefabricades de formig\u00f3 continu\u00ef creixent en el futur a causa de diversos factors.<\/p>\n","protected":false},"author":1,"featured_media":10090,"comment_status":"closed","ping_status":"closed","sticky":false,"template":"","format":"standard","meta":{"_acf_changed":false,"forpol_feed_html":"","forpol_feed_caseta_html":"","forpol_feed_bloc_html":"","forpol_feed_naves_html":"","forpol_feed_precomur_html":"","forpol_feed_alveolar_html":"","forpol_feed_nichos_prefabricados_html":"","footnotes":""},"categories":[56],"tags":[],"class_list":["post-15236","post","type-post","status-publish","format-standard","has-post-thumbnail","hentry","category-uncategorized-ca"],"acf":[],"yoast_head":"<!-- This site is optimized with the Yoast SEO Premium plugin v20.12 (Yoast SEO v27.5) - https:\/\/yoast.com\/product\/yoast-seo-premium-wordpress\/ -->\n<title>El futur de les cases prefabricades de formig\u00f3<\/title>\n<meta name=\"description\" content=\"El futur de les cases prefabricades de formig\u00f3 Es preveu que el mercat de les cases prefabricades de formig\u00f3 continu\u00ef creixent en el futur a causa de diversos factors.\" \/>\n<meta name=\"robots\" content=\"index, follow, max-snippet:-1, max-image-preview:large, max-video-preview:-1\" \/>\n<link rel=\"canonical\" href=\"https:\/\/www.forpol.es\/ca\/el-futur-de-les-cases-prefabricades-de-formigo\/\" \/>\n<meta property=\"og:locale\" content=\"ca_ES\" \/>\n<meta property=\"og:type\" content=\"article\" \/>\n<meta property=\"og:title\" content=\"El futur de les cases prefabricades de formig\u00f3\" \/>\n<meta property=\"og:description\" content=\"El futur de les cases prefabricades de formig\u00f3 Es preveu que el mercat de les cases prefabricades de formig\u00f3 continu\u00ef creixent en el futur a causa de diversos factors.\" \/>\n<meta property=\"og:url\" content=\"https:\/\/www.forpol.es\/ca\/el-futur-de-les-cases-prefabricades-de-formigo\/\" \/>\n<meta property=\"og:site_name\" content=\"Forpol\" \/>\n<meta property=\"article:publisher\" content=\"https:\/\/www.facebook.com\/forpolestructuras\/\" \/>\n<meta property=\"article:author\" content=\"https:\/\/www.facebook.com\/forpolestructuras\" \/>\n<meta property=\"article:published_time\" content=\"2023-01-20T05:20:24+00:00\" \/>\n<meta property=\"article:modified_time\" content=\"2024-05-22T14:02:10+00:00\" \/>\n<meta property=\"og:image\" content=\"https:\/\/www.forpol.es\/wp-content\/uploads\/2023\/01\/house-in-the-sky-g9d01000f9_1920.jpg\" \/>\n\t<meta property=\"og:image:width\" content=\"1920\" \/>\n\t<meta property=\"og:image:height\" content=\"960\" \/>\n\t<meta property=\"og:image:type\" content=\"image\/jpeg\" \/>\n<meta name=\"author\" content=\"Forpol\" \/>\n<meta name=\"twitter:card\" content=\"summary_large_image\" \/>\n<meta name=\"twitter:creator\" content=\"@forpol2\" \/>\n<meta name=\"twitter:site\" content=\"@forpol2\" \/>\n<meta name=\"twitter:label1\" content=\"Escrit per\" \/>\n\t<meta name=\"twitter:data1\" content=\"Forpol\" \/>\n\t<meta name=\"twitter:label2\" content=\"Temps estimat de lectura\" \/>\n\t<meta name=\"twitter:data2\" content=\"2 minuts\" \/>\n<!-- \/ Yoast SEO Premium plugin. -->","yoast_head_json":{"title":"El futur de les cases prefabricades de formig\u00f3","description":"El futur de les cases prefabricades de formig\u00f3 Es preveu que el mercat de les cases prefabricades de formig\u00f3 continu\u00ef creixent en el futur a causa de diversos factors.","robots":{"index":"index","follow":"follow","max-snippet":"max-snippet:-1","max-image-preview":"max-image-preview:large","max-video-preview":"max-video-preview:-1"},"canonical":"https:\/\/www.forpol.es\/ca\/el-futur-de-les-cases-prefabricades-de-formigo\/","og_locale":"ca_ES","og_type":"article","og_title":"El futur de les cases prefabricades de formig\u00f3","og_description":"El futur de les cases prefabricades de formig\u00f3 Es preveu que el mercat de les cases prefabricades de formig\u00f3 continu\u00ef creixent en el futur a causa de diversos factors.","og_url":"https:\/\/www.forpol.es\/ca\/el-futur-de-les-cases-prefabricades-de-formigo\/","og_site_name":"Forpol","article_publisher":"https:\/\/www.facebook.com\/forpolestructuras\/","article_author":"https:\/\/www.facebook.com\/forpolestructuras","article_published_time":"2023-01-20T05:20:24+00:00","article_modified_time":"2024-05-22T14:02:10+00:00","og_image":[{"width":1920,"height":960,"url":"https:\/\/www.forpol.es\/wp-content\/uploads\/2023\/01\/house-in-the-sky-g9d01000f9_1920.jpg","type":"image\/jpeg"}],"author":"Forpol","twitter_card":"summary_large_image","twitter_creator":"@forpol2","twitter_site":"@forpol2","twitter_misc":{"Escrit per":"Forpol","Temps estimat de lectura":"2 minuts"},"schema":{"@context":"https:\/\/schema.org","@graph":[{"@type":"Article","@id":"https:\/\/www.forpol.es\/ca\/el-futur-de-les-cases-prefabricades-de-formigo\/#article","isPartOf":{"@id":"https:\/\/www.forpol.es\/ca\/el-futur-de-les-cases-prefabricades-de-formigo\/"},"author":{"name":"Forpol","@id":"https:\/\/www.forpol.es\/ca\/#\/schema\/person\/3233a729c29a9b5177b5599540d73bf8"},"headline":"El futur de les cases prefabricades de formig\u00f3","datePublished":"2023-01-20T05:20:24+00:00","dateModified":"2024-05-22T14:02:10+00:00","mainEntityOfPage":{"@id":"https:\/\/www.forpol.es\/ca\/el-futur-de-les-cases-prefabricades-de-formigo\/"},"wordCount":385,"publisher":{"@id":"https:\/\/www.forpol.es\/ca\/#organization"},"image":{"@id":"https:\/\/www.forpol.es\/ca\/el-futur-de-les-cases-prefabricades-de-formigo\/#primaryimage"},"thumbnailUrl":"https:\/\/www.forpol.es\/wp-content\/uploads\/2023\/01\/house-in-the-sky-g9d01000f9_1920.jpg","articleSection":["Uncategorized @ca"],"inLanguage":"ca"},{"@type":"WebPage","@id":"https:\/\/www.forpol.es\/ca\/el-futur-de-les-cases-prefabricades-de-formigo\/","url":"https:\/\/www.forpol.es\/ca\/el-futur-de-les-cases-prefabricades-de-formigo\/","name":"El futur de les cases prefabricades de formig\u00f3","isPartOf":{"@id":"https:\/\/www.forpol.es\/ca\/#website"},"primaryImageOfPage":{"@id":"https:\/\/www.forpol.es\/ca\/el-futur-de-les-cases-prefabricades-de-formigo\/#primaryimage"},"image":{"@id":"https:\/\/www.forpol.es\/ca\/el-futur-de-les-cases-prefabricades-de-formigo\/#primaryimage"},"thumbnailUrl":"https:\/\/www.forpol.es\/wp-content\/uploads\/2023\/01\/house-in-the-sky-g9d01000f9_1920.jpg","datePublished":"2023-01-20T05:20:24+00:00","dateModified":"2024-05-22T14:02:10+00:00","description":"El futur de les cases prefabricades de formig\u00f3 Es preveu que el mercat de les cases prefabricades de formig\u00f3 continu\u00ef creixent en el futur a causa de diversos factors.","breadcrumb":{"@id":"https:\/\/www.forpol.es\/ca\/el-futur-de-les-cases-prefabricades-de-formigo\/#breadcrumb"},"inLanguage":"ca","potentialAction":[{"@type":"ReadAction","target":["https:\/\/www.forpol.es\/ca\/el-futur-de-les-cases-prefabricades-de-formigo\/"]}]},{"@type":"ImageObject","inLanguage":"ca","@id":"https:\/\/www.forpol.es\/ca\/el-futur-de-les-cases-prefabricades-de-formigo\/#primaryimage","url":"https:\/\/www.forpol.es\/wp-content\/uploads\/2023\/01\/house-in-the-sky-g9d01000f9_1920.jpg","contentUrl":"https:\/\/www.forpol.es\/wp-content\/uploads\/2023\/01\/house-in-the-sky-g9d01000f9_1920.jpg","width":1920,"height":960,"caption":"Casas-prefabricadas-de-hormigon"},{"@type":"BreadcrumbList","@id":"https:\/\/www.forpol.es\/ca\/el-futur-de-les-cases-prefabricades-de-formigo\/#breadcrumb","itemListElement":[{"@type":"ListItem","position":1,"name":"Inici","item":"https:\/\/www.forpol.es\/ca\/inici\/"},{"@type":"ListItem","position":2,"name":"El futur de les cases prefabricades de formig\u00f3"}]},{"@type":"WebSite","@id":"https:\/\/www.forpol.es\/ca\/#website","url":"https:\/\/www.forpol.es\/ca\/","name":"Forpol","description":"Prefabricats de formig\u00f3 i estructures prefabricades","publisher":{"@id":"https:\/\/www.forpol.es\/ca\/#organization"},"potentialAction":[{"@type":"SearchAction","target":{"@type":"EntryPoint","urlTemplate":"https:\/\/www.forpol.es\/ca\/?s={search_term_string}"},"query-input":{"@type":"PropertyValueSpecification","valueRequired":true,"valueName":"search_term_string"}}],"inLanguage":"ca"},{"@type":"Organization","@id":"https:\/\/www.forpol.es\/ca\/#organization","name":"Forpol Estructuras, S.L.","alternateName":"Forpol","url":"https:\/\/www.forpol.es\/ca\/","logo":{"@type":"ImageObject","inLanguage":"ca","@id":"https:\/\/www.forpol.es\/ca\/#\/schema\/logo\/image\/","url":"https:\/\/www.forpol.es\/wp-content\/uploads\/2021\/09\/LOGO-PNG-200x75-2-e1632825250267.png","contentUrl":"https:\/\/www.forpol.es\/wp-content\/uploads\/2021\/09\/LOGO-PNG-200x75-2-e1632825250267.png","width":90,"height":34,"caption":"Forpol Estructuras, S.L."},"image":{"@id":"https:\/\/www.forpol.es\/ca\/#\/schema\/logo\/image\/"},"sameAs":["https:\/\/www.facebook.com\/forpolestructuras\/","https:\/\/x.com\/forpol2","https:\/\/www.instagram.com\/forpol_estructuras\/"]},{"@type":"Person","@id":"https:\/\/www.forpol.es\/ca\/#\/schema\/person\/3233a729c29a9b5177b5599540d73bf8","name":"Forpol","image":{"@type":"ImageObject","inLanguage":"ca","@id":"https:\/\/www.forpol.es\/wp-content\/litespeed\/avatar\/459b96c16d61d6344a2afdf39afac535.jpg?ver=1777225720","url":"https:\/\/www.forpol.es\/wp-content\/litespeed\/avatar\/459b96c16d61d6344a2afdf39afac535.jpg?ver=1777225720","contentUrl":"https:\/\/www.forpol.es\/wp-content\/litespeed\/avatar\/459b96c16d61d6344a2afdf39afac535.jpg?ver=1777225720","caption":"Forpol"},"sameAs":["https:\/\/www.forpol.es","https:\/\/www.facebook.com\/forpolestructuras","https:\/\/www.instagram.com\/forpol_estructuras\/"]}]}},"_links":{"self":[{"href":"https:\/\/www.forpol.es\/ca\/wp-json\/wp\/v2\/posts\/15236","targetHints":{"allow":["GET"]}}],"collection":[{"href":"https:\/\/www.forpol.es\/ca\/wp-json\/wp\/v2\/posts"}],"about":[{"href":"https:\/\/www.forpol.es\/ca\/wp-json\/wp\/v2\/types\/post"}],"author":[{"embeddable":true,"href":"https:\/\/www.forpol.es\/ca\/wp-json\/wp\/v2\/users\/1"}],"replies":[{"embeddable":true,"href":"https:\/\/www.forpol.es\/ca\/wp-json\/wp\/v2\/comments?post=15236"}],"version-history":[{"count":0,"href":"https:\/\/www.forpol.es\/ca\/wp-json\/wp\/v2\/posts\/15236\/revisions"}],"wp:featuredmedia":[{"embeddable":true,"href":"https:\/\/www.forpol.es\/ca\/wp-json\/wp\/v2\/media\/10090"}],"wp:attachment":[{"href":"https:\/\/www.forpol.es\/ca\/wp-json\/wp\/v2\/media?parent=15236"}],"wp:term":[{"taxonomy":"category","embeddable":true,"href":"https:\/\/www.forpol.es\/ca\/wp-json\/wp\/v2\/categories?post=15236"},{"taxonomy":"post_tag","embeddable":true,"href":"https:\/\/www.forpol.es\/ca\/wp-json\/wp\/v2\/tags?post=15236"}],"curies":[{"name":"wp","href":"https:\/\/api.w.org\/{rel}","templated":true}]}}