{"id":15162,"date":"2023-07-25T05:25:56","date_gmt":"2023-07-25T03:25:56","guid":{"rendered":"https:\/\/forpol.gs-crea.com\/?p=15162"},"modified":"2024-05-22T11:22:20","modified_gmt":"2024-05-22T09:22:20","slug":"pedres-de-jardi-en-cases-de-formigo","status":"publish","type":"post","link":"https:\/\/www.forpol.es\/ca\/pedres-de-jardi-en-cases-de-formigo\/","title":{"rendered":"Pedres decoratives de jard\u00ed en cases prefabricades de formig\u00f3"},"content":{"rendered":"\n<p>Sabeu qu\u00e8 pot fer que la vostra acollidora casa sigui encara m\u00e9s especial? Un jard\u00ed sorprenent! \u00daltimament, les cases prefabricades s&#8217;han tornat molt populars per a les vacances d&#8217;estiu. S\u00f3n perfectes per passar temps de qualitat amb la fam\u00edlia. I qu\u00e8 millor manera de donar un toc personal al vostre espai que amb un jard\u00ed \u00fanic? Aix\u00ed que, prepareu-vos per divertir-vos en fam\u00edlia, perqu\u00e8 us compartirem el secret de les pedres decoratives.<\/p>\n\n\n\n<p>No podem oblidar que mantenir un jard\u00ed saludable i vibrant \u00e9s clau per real\u00e7ar la bellesa de la nostra estimada casa d&#8217;estiu. I si us agradaria tenir un jard\u00ed d&#8217;estil brit\u00e0nic, els arbustos ben cuidats s\u00f3n essencials per capturar aquesta ess\u00e8ncia. Ara b\u00e9, sabem que la jardineria pot semblar un desafiament, especialment quan ens enfrontem a arbustos revoltosos. Per\u00f2 no us preocupeu, recomanem les millors desbrossadores perqu\u00e8 no hi hagi cap problema.<\/p>\n\n\n\n<p>Aquestes m\u00e0quines s\u00f3n veritables cavalls de batalla en la lluita contra la vegetaci\u00f3. Amb la desbrossadora adequada, podreu mantenir aquests arbustos en forma i el vostre jard\u00ed es convertir\u00e0 en el centre de totes les mirades.<\/p>\n\n\n\n<h2 class=\"wp-block-heading\">Les pedres decoratives<\/h2>\n\n\n\n<p>Les pedres decoratives s\u00f3n una tend\u00e8ncia en al\u00e7a en el m\u00f3n de la jardineria i no \u00e9s dif\u00edcil entendre per qu\u00e8. Amb la seva varietat de formes, mides i colors, les pedres decoratives s\u00f3n com petites obres mestres que donen vida i personalitat al nostre jard\u00ed, aportant un complement est\u00e8tic perfecte per a construccions de formig\u00f3 prefabricat, ja siguin habitatges, aparcaments o edificis terciaris.<\/p>\n\n\n\n<p>No obstant aix\u00f2, triar les pedres correctes pot ser un desafiament, degut a l&#8217;\u00e0mplia diversitat disponible. Ja siguin pedres brillants o pedres naturals, cada tipus t\u00e9 el seu propi encant i pot transformar el nostre espai verd de formes sorprenents.<\/p>\n\n\n\n<h3 class=\"wp-block-heading\">Com posar pedres decoratives al jard\u00ed<\/h3>\n\n\n\n<p>\u00c9s hora de posar-se mans a l&#8217;obra! Esteu llestos per transformar el vostre jard\u00ed amb aquestes meravelloses pedres decoratives? Per\u00f2 abans de comen\u00e7ar, necessitem preparar adequadament el terreny. A continuaci\u00f3, us proporcionem una llista f\u00e0cil de seguir:<\/p>\n\n\n\n<ul class=\"wp-block-list\">\n<li>Neteja: El primer pas consisteix a netejar l&#8217;\u00e0rea on planegeu col\u00b7locar les pedres. Aix\u00f2 significa eliminar qualsevol escombraria, fulles seques, males herbes o plantes que ja han completat el seu cicle de vida. Aquest pas \u00e9s crucial per assegurar un llen\u00e7 net i llest per a la vostra obra mestra.<\/li>\n\n\n\n<li>Disseny: Despr\u00e9s, \u00e9s el moment de deixar anar la vostra creativitat. Imagineu com us agradaria que es vei\u00e9s el vostre jard\u00ed. Voleu un cam\u00ed serpentejant de pedres que porti a una zona de p\u00edcnic acollidora? O potser preferiu un cercle de pedres al voltant d&#8217;un bell arbre? Feu un esb\u00f3s senzill per ajudar-vos a visualitzar el vostre disseny.<\/li>\n\n\n\n<li>Mesura: Assegureu-vos de mesurar l&#8217;\u00e0rea que voleu cobrir amb pedres. Aquesta mesura us ser\u00e0 \u00fatil a l&#8217;hora de comprar les pedres, evitant aix\u00ed comprar-ne de m\u00e9s o de menys.<\/li>\n<\/ul>\n\n\n\n<h2 class=\"wp-block-heading\">On i com col\u00b7locar les pedres decoratives<\/h2>\n\n\n\n<p>Col\u00b7locar pedres decoratives pot semblar un trencaclosques, per\u00f2 aqu\u00ed teniu algunes idees:<\/p>\n\n\n\n<ul class=\"wp-block-list\">\n<li>Camins: Les pedres poden ser la guia perfecta per als visitants, formant camins que condueixen a la vostra casa prefabricada, a la piscina, o a la zona de jocs. A m\u00e9s, un cam\u00ed de pedres \u00e9s una soluci\u00f3 pr\u00e0ctica i estilitzada per evitar que les persones trepitgin \u00e0rees de jard\u00ed que preferir\u00edeu mantenir intactes.<\/li>\n\n\n\n<li>Al voltant de plantes: Les pedres poden proporcionar un marge atractiu al voltant de les vostres plantes i flors favorites, ajudant a ressaltar-les i creant un efecte visual de &#8216;marc&#8217; que atraur\u00e0 totes les mirades. A m\u00e9s, proporcionen un bon drenatge i ajuden a conservar la humitat del s\u00f2l, la qual cosa \u00e9s beneficiosa per a les plantes.<\/li>\n\n\n\n<li>Zones de descans: Crear un cercle de pedres pot marcar una \u00e0rea perfecta per a una foguera, una cadira de descans o fins i tot un petit estany. Aquest tipus d&#8217;espais pot convertir-se en el centre de reunions familiars o el lloc perfecte per gaudir d&#8217;un moment de tranquil\u00b7litat.<\/li>\n<\/ul>\n\n\n\n<h3 class=\"wp-block-heading\">Consells i trucs per a la disposici\u00f3 de les pedres decoratives<\/h3>\n\n\n\n<p>Amb el terreny preparat, \u00e9s hora de passar a l&#8217;etapa emocionant: col\u00b7locar les pedres! Aqu\u00ed teniu alguns consells per fer aquest proc\u00e9s m\u00e9s senzill i divertit:<\/p>\n\n\n\n<ul class=\"wp-block-list\">\n<li>Inici: Comenceu amb les pedres m\u00e9s grans. Aquestes funcionaran com els pilars del vostre disseny, proporcionant una base s\u00f2lida al voltant de la qual podeu treballar.<\/li>\n\n\n\n<li>Creativitat: Ara \u00e9s el moment d&#8217;afegir les pedres m\u00e9s petites. Aquesta etapa \u00e9s l&#8217;oportunitat perfecta perqu\u00e8 els nens ajudin i deixin volar la seva imaginaci\u00f3. Intercanvieu pedres de diferents mides, formes i colors per mantenir el disseny din\u00e0mic i interessant.<\/li>\n\n\n\n<li>Ajustos: Per \u00faltim, no oblideu que aquest \u00e9s un proc\u00e9s flexible. Si veieu que una pedra no encaixa b\u00e9 o interromp l&#8217;harmonia del disseny, no dubteu a moure-la. L&#8217;objectiu \u00e9s crear un espai que us encanti a tots.<\/li>\n\n\n\n<li>Varietat: Barregeu pedres de diferents mides i colors per a un resultat visualment atractiu.<\/li>\n\n\n\n<li>Distribuci\u00f3: Eviteu agrupar totes les pedres del mateix tipus en una zona. Distribu\u00efu les pedres al llarg i ample del jard\u00ed per a un efecte m\u00e9s natural.<\/li>\n\n\n\n<li>Capes: Si disposeu de diverses pedres, podeu considerar apilar-les per crear interessants formes tridimensionals.<\/li>\n<\/ul>\n\n\n\n<h3 class=\"wp-block-heading\">Com cuidar les pedres decoratives<\/h3>\n\n\n\n<p>La durabilitat i l&#8217;atractiu est\u00e8tic de les pedres decoratives \u00e9s fonamental per mantenir la bellesa del vostre jard\u00ed, real\u00e7ant l&#8217;aparen\u00e7a de la vostra llar, ja sigui una vivenda prefabricada o un edifici de formig\u00f3 preformat.<\/p>\n\n\n\n<p>El pols, la terra i les fulles poden acumular-se, alterant el seu color i brillantor. Un simple raspall suau pot ajudar-vos a mantenir les vostres pedres resplendents i immaculades. Addicionalment, podr\u00edeu considerar l&#8217;opci\u00f3 de segellar les pedres. Aquest proc\u00e9s, que comporta l&#8217;aplicaci\u00f3 d&#8217;un producte segellant, protegeix les pedres dels embats del clima i del pas del temps, assegurant que el seu color i textura romanguin inalterables per m\u00e9s temps.<\/p>\n\n\n\n<h3 class=\"wp-block-heading\">Conclusi\u00f3<\/h3>\n\n\n\n<p>En resum, les pedres decoratives s\u00f3n un complement meravell\u00f3s per a qualsevol jard\u00ed, aportant un toc de personalitat i bellesa \u00fanica. A trav\u00e9s de la selecci\u00f3 acurada, la disposici\u00f3 creativa i el manteniment regular, aquestes joies de la natura poden transformar el vostre jard\u00ed en un oasi de tranquil\u00b7litat i estil. Aix\u00ed que, a donar regna!<\/p>\n","protected":false},"excerpt":{"rendered":"<p>Descobreix com les pedres decoratives poden embellir la teva casa prefabricada. Consells sobre elecci\u00f3, col\u00b7locaci\u00f3 i cura de pedres per a un jard\u00ed vibrant i \u00fanic. Atreveix-te a crear el jard\u00ed dels teus somnis!<\/p>\n","protected":false},"author":1,"featured_media":11617,"comment_status":"closed","ping_status":"closed","sticky":false,"template":"","format":"standard","meta":{"_acf_changed":false,"forpol_feed_html":"","forpol_feed_caseta_html":"","forpol_feed_bloc_html":"","forpol_feed_naves_html":"","forpol_feed_precomur_html":"","forpol_feed_alveolar_html":"","forpol_feed_nichos_prefabricados_html":"","footnotes":""},"categories":[56],"tags":[],"class_list":["post-15162","post","type-post","status-publish","format-standard","has-post-thumbnail","hentry","category-uncategorized-ca"],"acf":[],"yoast_head":"<!-- This site is optimized with the Yoast SEO Premium plugin v20.12 (Yoast SEO v27.5) - https:\/\/yoast.com\/product\/yoast-seo-premium-wordpress\/ -->\n<title>Transforma el teu Jard\u00ed amb Pedres Decoratives: Guia Completa per a Cases Prefabricades<\/title>\n<meta name=\"description\" content=\"Descobreix com les pedres decoratives poden embellir la teva casa prefabricada. Consells sobre elecci\u00f3, col\u00b7locaci\u00f3 i cura de pedres per a un jard\u00ed vibrant i \u00fanic. Atreveix-te a crear el jard\u00ed dels teus somnis!\" \/>\n<meta name=\"robots\" content=\"index, follow, max-snippet:-1, max-image-preview:large, max-video-preview:-1\" \/>\n<link rel=\"canonical\" href=\"https:\/\/www.forpol.es\/ca\/pedres-de-jardi-en-cases-de-formigo\/\" \/>\n<meta property=\"og:locale\" content=\"ca_ES\" \/>\n<meta property=\"og:type\" content=\"article\" \/>\n<meta property=\"og:title\" content=\"Pedres decoratives de jard\u00ed en cases prefabricades de formig\u00f3\" \/>\n<meta property=\"og:description\" content=\"Descobreix com les pedres decoratives poden embellir la teva casa prefabricada. Consells sobre elecci\u00f3, col\u00b7locaci\u00f3 i cura de pedres per a un jard\u00ed vibrant i \u00fanic. Atreveix-te a crear el jard\u00ed dels teus somnis!\" \/>\n<meta property=\"og:url\" content=\"https:\/\/www.forpol.es\/ca\/pedres-de-jardi-en-cases-de-formigo\/\" \/>\n<meta property=\"og:site_name\" content=\"Forpol\" \/>\n<meta property=\"article:publisher\" content=\"https:\/\/www.facebook.com\/forpolestructuras\/\" \/>\n<meta property=\"article:author\" content=\"https:\/\/www.facebook.com\/forpolestructuras\" \/>\n<meta property=\"article:published_time\" content=\"2023-07-25T03:25:56+00:00\" \/>\n<meta property=\"article:modified_time\" content=\"2024-05-22T09:22:20+00:00\" \/>\n<meta property=\"og:image\" content=\"https:\/\/www.forpol.es\/wp-content\/uploads\/2023\/07\/stones-tree-1024x684.png\" \/>\n\t<meta property=\"og:image:width\" content=\"1024\" \/>\n\t<meta property=\"og:image:height\" content=\"684\" \/>\n\t<meta property=\"og:image:type\" content=\"image\/png\" \/>\n<meta name=\"author\" content=\"Forpol\" \/>\n<meta name=\"twitter:card\" content=\"summary_large_image\" \/>\n<meta name=\"twitter:creator\" content=\"@forpol2\" \/>\n<meta name=\"twitter:site\" content=\"@forpol2\" \/>\n<meta name=\"twitter:label1\" content=\"Escrit per\" \/>\n\t<meta name=\"twitter:data1\" content=\"Forpol\" \/>\n\t<meta name=\"twitter:label2\" content=\"Temps estimat de lectura\" \/>\n\t<meta name=\"twitter:data2\" content=\"5 minuts\" \/>\n<!-- \/ Yoast SEO Premium plugin. -->","yoast_head_json":{"title":"Transforma el teu Jard\u00ed amb Pedres Decoratives: Guia Completa per a Cases Prefabricades","description":"Descobreix com les pedres decoratives poden embellir la teva casa prefabricada. Consells sobre elecci\u00f3, col\u00b7locaci\u00f3 i cura de pedres per a un jard\u00ed vibrant i \u00fanic. Atreveix-te a crear el jard\u00ed dels teus somnis!","robots":{"index":"index","follow":"follow","max-snippet":"max-snippet:-1","max-image-preview":"max-image-preview:large","max-video-preview":"max-video-preview:-1"},"canonical":"https:\/\/www.forpol.es\/ca\/pedres-de-jardi-en-cases-de-formigo\/","og_locale":"ca_ES","og_type":"article","og_title":"Pedres decoratives de jard\u00ed en cases prefabricades de formig\u00f3","og_description":"Descobreix com les pedres decoratives poden embellir la teva casa prefabricada. Consells sobre elecci\u00f3, col\u00b7locaci\u00f3 i cura de pedres per a un jard\u00ed vibrant i \u00fanic. Atreveix-te a crear el jard\u00ed dels teus somnis!","og_url":"https:\/\/www.forpol.es\/ca\/pedres-de-jardi-en-cases-de-formigo\/","og_site_name":"Forpol","article_publisher":"https:\/\/www.facebook.com\/forpolestructuras\/","article_author":"https:\/\/www.facebook.com\/forpolestructuras","article_published_time":"2023-07-25T03:25:56+00:00","article_modified_time":"2024-05-22T09:22:20+00:00","og_image":[{"width":1024,"height":684,"url":"https:\/\/www.forpol.es\/wp-content\/uploads\/2023\/07\/stones-tree-1024x684.png","type":"image\/png"}],"author":"Forpol","twitter_card":"summary_large_image","twitter_creator":"@forpol2","twitter_site":"@forpol2","twitter_misc":{"Escrit per":"Forpol","Temps estimat de lectura":"5 minuts"},"schema":{"@context":"https:\/\/schema.org","@graph":[{"@type":"Article","@id":"https:\/\/www.forpol.es\/ca\/pedres-de-jardi-en-cases-de-formigo\/#article","isPartOf":{"@id":"https:\/\/www.forpol.es\/ca\/pedres-de-jardi-en-cases-de-formigo\/"},"author":{"name":"Forpol","@id":"https:\/\/www.forpol.es\/ca\/#\/schema\/person\/3233a729c29a9b5177b5599540d73bf8"},"headline":"Pedres decoratives de jard\u00ed en cases prefabricades de formig\u00f3","datePublished":"2023-07-25T03:25:56+00:00","dateModified":"2024-05-22T09:22:20+00:00","mainEntityOfPage":{"@id":"https:\/\/www.forpol.es\/ca\/pedres-de-jardi-en-cases-de-formigo\/"},"wordCount":1093,"publisher":{"@id":"https:\/\/www.forpol.es\/ca\/#organization"},"image":{"@id":"https:\/\/www.forpol.es\/ca\/pedres-de-jardi-en-cases-de-formigo\/#primaryimage"},"thumbnailUrl":"https:\/\/www.forpol.es\/wp-content\/uploads\/2023\/07\/stones-tree.png","articleSection":["Uncategorized @ca"],"inLanguage":"ca"},{"@type":"WebPage","@id":"https:\/\/www.forpol.es\/ca\/pedres-de-jardi-en-cases-de-formigo\/","url":"https:\/\/www.forpol.es\/ca\/pedres-de-jardi-en-cases-de-formigo\/","name":"Transforma el teu Jard\u00ed amb Pedres Decoratives: Guia Completa per a Cases Prefabricades","isPartOf":{"@id":"https:\/\/www.forpol.es\/ca\/#website"},"primaryImageOfPage":{"@id":"https:\/\/www.forpol.es\/ca\/pedres-de-jardi-en-cases-de-formigo\/#primaryimage"},"image":{"@id":"https:\/\/www.forpol.es\/ca\/pedres-de-jardi-en-cases-de-formigo\/#primaryimage"},"thumbnailUrl":"https:\/\/www.forpol.es\/wp-content\/uploads\/2023\/07\/stones-tree.png","datePublished":"2023-07-25T03:25:56+00:00","dateModified":"2024-05-22T09:22:20+00:00","description":"Descobreix com les pedres decoratives poden embellir la teva casa prefabricada. Consells sobre elecci\u00f3, col\u00b7locaci\u00f3 i cura de pedres per a un jard\u00ed vibrant i \u00fanic. Atreveix-te a crear el jard\u00ed dels teus somnis!","breadcrumb":{"@id":"https:\/\/www.forpol.es\/ca\/pedres-de-jardi-en-cases-de-formigo\/#breadcrumb"},"inLanguage":"ca","potentialAction":[{"@type":"ReadAction","target":["https:\/\/www.forpol.es\/ca\/pedres-de-jardi-en-cases-de-formigo\/"]}]},{"@type":"ImageObject","inLanguage":"ca","@id":"https:\/\/www.forpol.es\/ca\/pedres-de-jardi-en-cases-de-formigo\/#primaryimage","url":"https:\/\/www.forpol.es\/wp-content\/uploads\/2023\/07\/stones-tree.png","contentUrl":"https:\/\/www.forpol.es\/wp-content\/uploads\/2023\/07\/stones-tree.png","width":1450,"height":968,"caption":"Piedras de jardin en casas de hormigon"},{"@type":"BreadcrumbList","@id":"https:\/\/www.forpol.es\/ca\/pedres-de-jardi-en-cases-de-formigo\/#breadcrumb","itemListElement":[{"@type":"ListItem","position":1,"name":"Inici","item":"https:\/\/www.forpol.es\/ca\/inici\/"},{"@type":"ListItem","position":2,"name":"Pedres decoratives de jard\u00ed en cases prefabricades de formig\u00f3"}]},{"@type":"WebSite","@id":"https:\/\/www.forpol.es\/ca\/#website","url":"https:\/\/www.forpol.es\/ca\/","name":"Forpol","description":"Prefabricats de formig\u00f3 i estructures prefabricades","publisher":{"@id":"https:\/\/www.forpol.es\/ca\/#organization"},"potentialAction":[{"@type":"SearchAction","target":{"@type":"EntryPoint","urlTemplate":"https:\/\/www.forpol.es\/ca\/?s={search_term_string}"},"query-input":{"@type":"PropertyValueSpecification","valueRequired":true,"valueName":"search_term_string"}}],"inLanguage":"ca"},{"@type":"Organization","@id":"https:\/\/www.forpol.es\/ca\/#organization","name":"Forpol Estructuras, S.L.","alternateName":"Forpol","url":"https:\/\/www.forpol.es\/ca\/","logo":{"@type":"ImageObject","inLanguage":"ca","@id":"https:\/\/www.forpol.es\/ca\/#\/schema\/logo\/image\/","url":"https:\/\/www.forpol.es\/wp-content\/uploads\/2021\/09\/LOGO-PNG-200x75-2-e1632825250267.png","contentUrl":"https:\/\/www.forpol.es\/wp-content\/uploads\/2021\/09\/LOGO-PNG-200x75-2-e1632825250267.png","width":90,"height":34,"caption":"Forpol Estructuras, S.L."},"image":{"@id":"https:\/\/www.forpol.es\/ca\/#\/schema\/logo\/image\/"},"sameAs":["https:\/\/www.facebook.com\/forpolestructuras\/","https:\/\/x.com\/forpol2","https:\/\/www.instagram.com\/forpol_estructuras\/"]},{"@type":"Person","@id":"https:\/\/www.forpol.es\/ca\/#\/schema\/person\/3233a729c29a9b5177b5599540d73bf8","name":"Forpol","image":{"@type":"ImageObject","inLanguage":"ca","@id":"https:\/\/www.forpol.es\/wp-content\/litespeed\/avatar\/459b96c16d61d6344a2afdf39afac535.jpg?ver=1777225720","url":"https:\/\/www.forpol.es\/wp-content\/litespeed\/avatar\/459b96c16d61d6344a2afdf39afac535.jpg?ver=1777225720","contentUrl":"https:\/\/www.forpol.es\/wp-content\/litespeed\/avatar\/459b96c16d61d6344a2afdf39afac535.jpg?ver=1777225720","caption":"Forpol"},"sameAs":["https:\/\/www.forpol.es","https:\/\/www.facebook.com\/forpolestructuras","https:\/\/www.instagram.com\/forpol_estructuras\/"]}]}},"_links":{"self":[{"href":"https:\/\/www.forpol.es\/ca\/wp-json\/wp\/v2\/posts\/15162","targetHints":{"allow":["GET"]}}],"collection":[{"href":"https:\/\/www.forpol.es\/ca\/wp-json\/wp\/v2\/posts"}],"about":[{"href":"https:\/\/www.forpol.es\/ca\/wp-json\/wp\/v2\/types\/post"}],"author":[{"embeddable":true,"href":"https:\/\/www.forpol.es\/ca\/wp-json\/wp\/v2\/users\/1"}],"replies":[{"embeddable":true,"href":"https:\/\/www.forpol.es\/ca\/wp-json\/wp\/v2\/comments?post=15162"}],"version-history":[{"count":0,"href":"https:\/\/www.forpol.es\/ca\/wp-json\/wp\/v2\/posts\/15162\/revisions"}],"wp:featuredmedia":[{"embeddable":true,"href":"https:\/\/www.forpol.es\/ca\/wp-json\/wp\/v2\/media\/11617"}],"wp:attachment":[{"href":"https:\/\/www.forpol.es\/ca\/wp-json\/wp\/v2\/media?parent=15162"}],"wp:term":[{"taxonomy":"category","embeddable":true,"href":"https:\/\/www.forpol.es\/ca\/wp-json\/wp\/v2\/categories?post=15162"},{"taxonomy":"post_tag","embeddable":true,"href":"https:\/\/www.forpol.es\/ca\/wp-json\/wp\/v2\/tags?post=15162"}],"curies":[{"name":"wp","href":"https:\/\/api.w.org\/{rel}","templated":true}]}}